{"id":4123,"date":"2023-08-23T14:48:57","date_gmt":"2023-08-23T19:48:57","guid":{"rendered":"https:\/\/talently.tech\/blog\/?p=4123"},"modified":"2023-10-04T16:07:36","modified_gmt":"2023-10-04T21:07:36","slug":"nueva-imagen-talently","status":"publish","type":"post","link":"https:\/\/talently.tech\/blog\/nueva-imagen-talently\/","title":{"rendered":"Nueva imagen, mismo compromiso: Nos renovamos para estar m\u00e1s cerca de nuestros usuarios."},"content":{"rendered":"<p>En Talently, dedicamos los \u00faltimos meses a trabajar en una renovaci\u00f3n que pone en el centro a nuestros usuarios: desarrollamos e integramos soluciones de IA en nuestros productos y servicios.<\/p>\n<p>Este cambio buscar ofrecer experiencias a\u00fan m\u00e1s personalizadas y \u00e1giles para empresas y desarrolladores, apostando por resolver sus puntos de dolor. Y tanta transformaci\u00f3n vino acompa\u00f1ada de un cambio de imagen. Queremos que nuestro nuevo rostro refleje mejor qui\u00e9nes somos hoy: una empresa l\u00edder en tecnolog\u00eda que apuesta por construir un futuro laboral sin fronteras.<\/p>\n<p>Esta transformaci\u00f3n no es solo visual; representa nuestro compromiso con la exploraci\u00f3n de nuevas fronteras tecnol\u00f3gicas y con la centralidad que damos a la experiencia de nuestros usuarios. La nueva imagen de Talently refleja mejor la naturaleza innovadora, latinoamericana y centrada en la tecnolog\u00eda de nuestra compa\u00f1\u00eda. \ud83c\udf0e\ud83d\udc69\u200d\ud83d\udcbb\ud83d\udcc8<\/p>\n<p>En el coraz\u00f3n de este cambio est\u00e1 nuestro deseo de ser reconocidos como una empresa l\u00edder que conecta al mejor talento tech de Latam con empresas globales a trav\u00e9s de una plataforma tecnol\u00f3gica.<\/p>\n<p>\u00a1Gracias por ser parte de este nuevo cap\u00edtulo! \ud83c\udf89\ud83d\udcbb\ud83e\udde0<\/p>\n<p><a href=\"https:\/\/talently.tech\/?utm_source=blog&amp;utm_medium=organic&amp;utm_campaign=post_rebrand\"><strong>Conoce la nueva experiencia Talently<\/strong><\/a><\/p>\n","protected":false},"excerpt":{"rendered":"<p>En Talently, dedicamos los \u00faltimos meses a trabajar en una renovaci\u00f3n que pone en el centro a nuestros usuarios: desarrollamos e integramos soluciones de IA en nuestros productos y servicios. Este cambio buscar ofrecer experiencias a\u00fan m\u00e1s personalizadas y \u00e1giles para empresas y desarrolladores, apostando por resolver sus puntos de dolor. Y tanta transformaci\u00f3n vino [&hellip;]<\/p>\n","protected":false},"author":2,"featured_media":4122,"comment_status":"open","ping_status":"open","sticky":false,"template":"","format":"standard","meta":{"_acf_changed":false,"inline_featured_image":false,"footnotes":""},"categories":[1],"tags":[],"class_list":["post-4123","post","type-post","status-publish","format-standard","has-post-thumbnail","hentry","category-sin-categoria"],"acf":[],"_links":{"self":[{"href":"https:\/\/talently.tech\/blog\/wp-json\/wp\/v2\/posts\/4123","targetHints":{"allow":["GET"]}}],"collection":[{"href":"https:\/\/talently.tech\/blog\/wp-json\/wp\/v2\/posts"}],"about":[{"href":"https:\/\/talently.tech\/blog\/wp-json\/wp\/v2\/types\/post"}],"author":[{"embeddable":true,"href":"https:\/\/talently.tech\/blog\/wp-json\/wp\/v2\/users\/2"}],"replies":[{"embeddable":true,"href":"https:\/\/talently.tech\/blog\/wp-json\/wp\/v2\/comments?post=4123"}],"version-history":[{"count":0,"href":"https:\/\/talently.tech\/blog\/wp-json\/wp\/v2\/posts\/4123\/revisions"}],"wp:featuredmedia":[{"embeddable":true,"href":"https:\/\/talently.tech\/blog\/wp-json\/wp\/v2\/media\/4122"}],"wp:attachment":[{"href":"https:\/\/talently.tech\/blog\/wp-json\/wp\/v2\/media?parent=4123"}],"wp:term":[{"taxonomy":"category","embeddable":true,"href":"https:\/\/talently.tech\/blog\/wp-json\/wp\/v2\/categories?post=4123"},{"taxonomy":"post_tag","embeddable":true,"href":"https:\/\/talently.tech\/blog\/wp-json\/wp\/v2\/tags?post=4123"}],"curies":[{"name":"wp","href":"https:\/\/api.w.org\/{rel}","templated":true}]}}